{"id":3415,"date":"2025-09-18T09:15:47","date_gmt":"2025-09-18T07:15:47","guid":{"rendered":"https:\/\/wennstrom.com.haus.se\/en\/?post_type=news&#038;p=3415"},"modified":"2025-09-19T13:14:58","modified_gmt":"2025-09-19T11:14:58","slug":"the-new-charger-rocks","status":"publish","type":"news","link":"https:\/\/wennstrom.com\/en\/news\/the-new-charger-rocks\/","title":{"rendered":"\u201cThe new charger rocks!\u201d"},"content":{"rendered":"<p>That\u2019s how Janne Kaija, Project Manager of the VireVihre\u00e4 and VALO project pair at the Jyv\u00e4skyl\u00e4 Educational Consortium Gradia, described the Vestel high-power charger we installed in August at Gradia\u2019s Lievestuore campus.<\/p>\n<p>Wennstrom handled the delivery, installation, commissioning, and user training for the electric charger in the project. The delivery was coordinated by Jani Lehto:<\/p>\n<p>\u201cThe collaboration with Gradia went really smoothly, and thanks to good preliminary planning, the installation was trouble-free. The Vestel charger is the first of its kind in Finland, so I hope this serves as a great starting point. Vestel chargers stand out for their cost-effectiveness without compromising on quality. The charger is also very user-friendly and requires minimal maintenance,\u201d Lehto explains.<\/p>\n<p>The Vestel EVC03 Sirius 160kW charger is used at Gradia not only for charging but also for research purposes \u2013 in many different ways. Valuable data for the transport sector is gathered, for example, by using the school\u2019s new electric truck and the charger under real loads and in actual local conditions. The commissioning of the charger has involved many parties around Gradia, from local transport companies to financiers, and from students to the university of applied sciences.<\/p>\n<p>\u201cEverything in the procurement went really well, and everyone involved in the project has been very satisfied and enthusiastic. Of course, it\u2019s only been in use for a short time, but based on the experience so far, there\u2019s nothing that comes to mind that needs improvement,\u201d Kaija states.<br \/>\nWarm thanks for the great collaboration to GRADIA Jyv\u00e4skyl\u00e4 Educational Consortium \/ Janne Kaija, Juha Honkam\u00e4ki, and Mika Kinnunen!<\/p>\n<p>The project has been funded by Gradia, the European Union (EU), the Centre for Economic Development, Transport and the Environment of Central Finland (ELY-keskus), and the Regional Council of Central Finland.<br \/>\nIn the photo from left to right: Jani Lehto from Wennstrom, Riku Koivisto from importer Bat. Power Oy, and Hulusi \u00c7ay\u0131rl\u0131 and Selim Demirkaya from device manufacturer Vestel.<\/p>\n","protected":false},"featured_media":3416,"template":"","meta":{"_acf_changed":false},"class_list":["post-3415","news","type-news","status-publish","has-post-thumbnail","hentry"],"acf":[],"_links":{"self":[{"href":"https:\/\/wennstrom.com\/en\/wp-json\/wp\/v2\/news\/3415","targetHints":{"allow":["GET"]}}],"collection":[{"href":"https:\/\/wennstrom.com\/en\/wp-json\/wp\/v2\/news"}],"about":[{"href":"https:\/\/wennstrom.com\/en\/wp-json\/wp\/v2\/types\/news"}],"wp:featuredmedia":[{"embeddable":true,"href":"https:\/\/wennstrom.com\/en\/wp-json\/wp\/v2\/media\/3416"}],"wp:attachment":[{"href":"https:\/\/wennstrom.com\/en\/wp-json\/wp\/v2\/media?parent=3415"}],"curies":[{"name":"wp","href":"https:\/\/api.w.org\/{rel}","templated":true}]}}