{"id":11435,"date":"2026-09-04T14:18:15","date_gmt":"2026-09-04T12:18:15","guid":{"rendered":"https:\/\/wennstrom.com\/news\/wennstrom-lader-norges-forste-elektriske-vogntog-for-tommertransport\/"},"modified":"2026-09-05T12:14:08","modified_gmt":"2026-09-05T10:14:08","slug":"wennstrom-lader-norges-forste-elektriske-vogntog-for-tommertransport","status":"publish","type":"news","link":"https:\/\/wennstrom.com\/no\/news\/wennstrom-lader-norges-forste-elektriske-vogntog-for-tommertransport\/","title":{"rendered":"Wennstrom lader Norges f\u00f8rste elektriske vogntog for t\u00f8mmertransport!"},"content":{"rendered":"<p><strong>I august 2026 var vi tilstede p\u00e5 denne historiske innvielsen p\u00e5 T\u00f8mmerterminalen i Lier, sammen med blant annet klima- og milj\u00f8ministeren.<\/strong><\/p>\n<p>Leveransen v\u00e5r inkluderer r\u00e5dgivning, prosjektering og installasjon av ladeanlegg, samt drift, vedlikehold og service.<\/p>\n<h2>Ladeanlegg som enkelt kan utvides<\/h2>\n<p>Ladeanlegget fra Wennstrom er utstyrt med lader fra Alpitronic og er bygget slik at det enkelt kan utvides n\u00e5r det blir behov for flere kj\u00f8ret\u00f8y. Den st\u00f8rste investeringen for ladeinfrastruktur er alts\u00e5 gjort.  Vi hjalp ogs\u00e5 kunden med \u00e5 s\u00f8ke om st\u00f8tte. <span style=\"text-decoration: underline;\"><a href=\"https:\/\/enova.no\/nb\/bedrift\/landtransport\/stottetilbud-innen-landtransport\/tunge-nullutslippskjoretoy\" target=\"_blank\" rel=\"noopener\">Enova<\/a><\/span> bidro med 1\/3 av kostnadene i dette prosjektet.<\/p>\n<h2><img fetchpriority=\"high\" decoding=\"async\" class=\"alignnone size-medium wp-image-11437\" src=\"https:\/\/wennstrom.com\/wp-content\/uploads\/2026\/09\/pixelco_b6a8020-300x200.jpg\" alt=\"\" width=\"333\" height=\"222\" srcset=\"https:\/\/wennstrom.com\/wp-content\/uploads\/2026\/09\/pixelco_b6a8020-300x200.jpg 300w, https:\/\/wennstrom.com\/wp-content\/uploads\/2026\/09\/pixelco_b6a8020-1024x683.jpg 1024w, https:\/\/wennstrom.com\/wp-content\/uploads\/2026\/09\/pixelco_b6a8020-768x512.jpg 768w, https:\/\/wennstrom.com\/wp-content\/uploads\/2026\/09\/pixelco_b6a8020-1536x1024.jpg 1536w, https:\/\/wennstrom.com\/wp-content\/uploads\/2026\/09\/pixelco_b6a8020-2048x1366.jpg 2048w\" sizes=\"(max-width: 333px) 100vw, 333px\" \/>    <img decoding=\"async\" class=\"alignnone size-medium wp-image-11442\" src=\"https:\/\/wennstrom.com\/wp-content\/uploads\/2026\/09\/pixelco_b6a8401-300x200.jpg\" alt=\"\" width=\"333\" height=\"222\" srcset=\"https:\/\/wennstrom.com\/wp-content\/uploads\/2026\/09\/pixelco_b6a8401-300x200.jpg 300w, https:\/\/wennstrom.com\/wp-content\/uploads\/2026\/09\/pixelco_b6a8401-1024x683.jpg 1024w, https:\/\/wennstrom.com\/wp-content\/uploads\/2026\/09\/pixelco_b6a8401-768x512.jpg 768w, https:\/\/wennstrom.com\/wp-content\/uploads\/2026\/09\/pixelco_b6a8401-1536x1024.jpg 1536w, https:\/\/wennstrom.com\/wp-content\/uploads\/2026\/09\/pixelco_b6a8401-2048x1366.jpg 2048w\" sizes=\"(max-width: 333px) 100vw, 333px\" \/><\/h2>\n<p>&nbsp;<\/p>\n<h2>Fortsette \u00e5 legge til rette for gode rammebetingelser<\/h2>\n<p>\u2013 Vi kommer til \u00e5 fortsette \u00e5 utvide rammebetingelsene s\u00e5 de er best mulig, sier klima- og milj\u00f8minister Andreas Bjelland Eriksen.<\/p>\n<p><img decoding=\"async\" class=\"alignnone size-medium wp-image-11440\" src=\"https:\/\/wennstrom.com\/wp-content\/uploads\/2026\/09\/pixelco_b6a8267-300x200.jpg\" alt=\"\" width=\"600\" height=\"400\" srcset=\"https:\/\/wennstrom.com\/wp-content\/uploads\/2026\/09\/pixelco_b6a8267-300x200.jpg 300w, https:\/\/wennstrom.com\/wp-content\/uploads\/2026\/09\/pixelco_b6a8267-1024x683.jpg 1024w, https:\/\/wennstrom.com\/wp-content\/uploads\/2026\/09\/pixelco_b6a8267-768x512.jpg 768w, https:\/\/wennstrom.com\/wp-content\/uploads\/2026\/09\/pixelco_b6a8267-1536x1024.jpg 1536w, https:\/\/wennstrom.com\/wp-content\/uploads\/2026\/09\/pixelco_b6a8267-2048x1366.jpg 2048w\" sizes=\"(max-width: 600px) 100vw, 600px\" \/><\/p>\n<p>Det transporteres om lag 12 millioner tonn t\u00f8mmer fra norske skoger \u00e5rlig. Vi er takknemlige for muligheten til \u00e5 v\u00e6re med p\u00e5 en gr\u00f8nnere t\u00f8mmertransport. <\/p>\n","protected":false},"featured_media":11409,"template":"","meta":{"_acf_changed":false},"class_list":["post-11435","news","type-news","status-publish","has-post-thumbnail","hentry"],"acf":[],"_links":{"self":[{"href":"https:\/\/wennstrom.com\/no\/wp-json\/wp\/v2\/news\/11435","targetHints":{"allow":["GET"]}}],"collection":[{"href":"https:\/\/wennstrom.com\/no\/wp-json\/wp\/v2\/news"}],"about":[{"href":"https:\/\/wennstrom.com\/no\/wp-json\/wp\/v2\/types\/news"}],"wp:featuredmedia":[{"embeddable":true,"href":"https:\/\/wennstrom.com\/no\/wp-json\/wp\/v2\/media\/11409"}],"wp:attachment":[{"href":"https:\/\/wennstrom.com\/no\/wp-json\/wp\/v2\/media?parent=11435"}],"curies":[{"name":"wp","href":"https:\/\/api.w.org\/{rel}","templated":true}]}}