{"id":4049,"date":"2023-09-28T16:00:49","date_gmt":"2023-09-28T14:00:49","guid":{"rendered":"https:\/\/wennstrom.com.haus.se\/news\/new-joint-ceo\/"},"modified":"2025-09-19T13:16:19","modified_gmt":"2025-09-19T11:16:19","slug":"new-joint-ceo","status":"publish","type":"news","link":"https:\/\/wennstrom.com\/no\/news\/new-joint-ceo\/","title":{"rendered":"New joint CEO"},"content":{"rendered":"<p>We are thrilled to welcome J\u00f8rgen Lindemann as our new \u2013 and joint CEO for the companies Wennstrom Solutions &amp; Service A\/S, Wennstrom Wash Systems A\/S and Dansk El &amp; Teknik A\/S.<\/p>\n<p>This is a time of significant change for our companies and marks an important step towards becoming a united and strong Wennstrom Denmark \u2013 the preferred supplier in the market.<\/p>\n<p>J\u00f8rgen brings an excellent track record from across the Retail and Oilbusiness. Prior to joining Wennstrom he was CEO at Uno-X Danmark A\/S, and he is highly qualified for setting the direction of our common future. Furthermore he has a wide network within the business.<\/p>\n<p>J\u00f8rgen\u2019s work at 7-Eleven and Uno-X has brought him a great knowledge about Wennstrom and Dansk El &amp; Teknik \u2013 both as customer and businesspartner. Therefore he already has a deep insight into our product portfolio and competences.<\/p>\n<p>Tommy Christensen and Jan R\u00f8nnebech J\u00f8rgensen have been involved in the process of appointing J\u00f8rgen from the very beginning, and they will both continue to have a crucial role in our organisation.<\/p>\n<p>The new organisation of the joint company also means a new structure. Our core business areas are: Liquid Fuel, Car wash,<br \/>\nE-mobility and Electricity. The Directors of the business areas are: Jan R\u00f8nnebech J\u00f8rgensen, Carsten Bo Petersen, Rasmus Wagner and Tommy Christensen.<\/p>\n<p>Our new structure is based on a close cooperation between J\u00f8rgen, Jan, Tommy and myself. In this connection it is important for me to emphazise that this change comes with a desire to create a stronger and united Wennstrom.<\/p>\n<p>Wennstrom is well positioned for success in future and for taking on more and bigger projects \u2013 as #WeAreWennstrom !<\/p>\n<p>Ulf Ekelund \u2013 CEO Wennstrom Group<\/p>\n<p id=\"ember55\" class=\"ember-view reader-content-blocks__paragraph\"><em>\u201cI am delighted to have been appointed CEO of Wennstrom and to lead the company in future. For me personally, it will be very exciting \u2013 after being on the side of the customer for 20 years -to be on the other side. The potential for Wennstrom is strong and I look forward to being part of our company journey and the transformation of the Transport and E-mobility sector towards a future without fossile fuels. It will be exciting and challenging!<\/em><\/p>\n<p class=\"ember-view reader-content-blocks__paragraph\"><em>I would like to take the opportunity to thank Ulf Ekelund for his trust, and for letting me lead the new and united company. Furthermore, I would like to thank Jan J\u00f8rgensen and Tommy Christensen for a good process. I\u2019m delighted to continuously work with them on the development of the company \u2013 thank you!\u201d<\/em><\/p>\n<p><em><strong>J\u00f8rgen Lindemann<\/strong><\/em><\/p>\n","protected":false},"featured_media":4050,"template":"","meta":{"_acf_changed":false},"class_list":["post-4049","news","type-news","status-publish","has-post-thumbnail","hentry"],"acf":[],"_links":{"self":[{"href":"https:\/\/wennstrom.com\/no\/wp-json\/wp\/v2\/news\/4049","targetHints":{"allow":["GET"]}}],"collection":[{"href":"https:\/\/wennstrom.com\/no\/wp-json\/wp\/v2\/news"}],"about":[{"href":"https:\/\/wennstrom.com\/no\/wp-json\/wp\/v2\/types\/news"}],"wp:featuredmedia":[{"embeddable":true,"href":"https:\/\/wennstrom.com\/no\/wp-json\/wp\/v2\/media\/4050"}],"wp:attachment":[{"href":"https:\/\/wennstrom.com\/no\/wp-json\/wp\/v2\/media?parent=4049"}],"curies":[{"name":"wp","href":"https:\/\/api.w.org\/{rel}","templated":true}]}}